[{"@context":"https:\/\/schema.org\/","@type":"Article","@id":"https:\/\/www.staratiskarna.cz\/na-tazne-zarizeni-u-octavie-muzete-pripojit-karavan-prives-i-nosic-jizdnich-kol\/#Article","mainEntityOfPage":"https:\/\/www.staratiskarna.cz\/na-tazne-zarizeni-u-octavie-muzete-pripojit-karavan-prives-i-nosic-jizdnich-kol\/","headline":"Na ta\u017en\u00e9 za\u0159\u00edzen\u00ed u Octavie m\u016f\u017eete p\u0159ipojit karavan, p\u0159\u00edv\u011bs i nosi\u010d j\u00edzdn\u00edch kol","name":"Na ta\u017en\u00e9 za\u0159\u00edzen\u00ed u Octavie m\u016f\u017eete p\u0159ipojit karavan, p\u0159\u00edv\u011bs i nosi\u010d j\u00edzdn\u00edch kol","description":"\u017de za ta\u017en\u00e9 za\u0159\u00edzen\u00ed Octavia m\u016f\u017eete zap\u0159\u00e1hnout karavan, n\u00e1kladn\u00ed p\u0159\u00edv\u011bs i s n\u00e1stavbou \u010di speci\u00e1ln\u00ed p\u0159\u00edv\u011bs pro p\u0159epravu zv\u00ed\u0159at, v\u00ed asi ka\u017ed\u00fd a bylo by z\u0159ejm\u011b zbyte\u010dn\u00e9 popisovat, jak univerz\u00e1ln\u00ed a \u0161ikovn\u00e1 pom\u016fcka je pr\u00e1v\u011b koule za autem. P\u0159esto bychom se r\u00e1di zm\u00ednili o n\u011b\u010dem, co v posledn\u00ed dob\u011b z\u00edsk\u00e1v\u00e1 na popularit\u011b d\u00edky jednomu z [&hellip;]","datePublished":"2021-06-20","dateModified":"2023-06-01","author":{"@type":"Person","@id":"https:\/\/www.staratiskarna.cz\/author\/#Person","name":"","url":"https:\/\/www.staratiskarna.cz\/author\/","identifier":1,"image":{"@type":"ImageObject","@id":"https:\/\/secure.gravatar.com\/avatar\/b682f75cb96d085fca5fbc8ca3f08e323444e236f6e6028585b73de81c46f711?s=96&d=mm&r=g","url":"https:\/\/secure.gravatar.com\/avatar\/b682f75cb96d085fca5fbc8ca3f08e323444e236f6e6028585b73de81c46f711?s=96&d=mm&r=g","height":96,"width":96}},"publisher":{"@type":"Organization","name":"staratiskarna.cz","logo":{"@type":"ImageObject","@id":"\/logo.png","url":"\/logo.png","width":600,"height":60}},"image":{"@type":"ImageObject","@id":"https:\/\/www.staratiskarna.cz\/wp-content\/uploads\/%C5%A0koda%20Octavia_1.png","url":"https:\/\/www.staratiskarna.cz\/wp-content\/uploads\/%C5%A0koda%20Octavia_1.png","height":0,"width":0},"url":"https:\/\/www.staratiskarna.cz\/na-tazne-zarizeni-u-octavie-muzete-pripojit-karavan-prives-i-nosic-jizdnich-kol\/","about":["Zbo\u017e\u00ed"],"wordCount":436,"articleBody":"       \u017de za ta\u017en\u00e9 za\u0159\u00edzen\u00ed Octavia m\u016f\u017eete zap\u0159\u00e1hnout karavan, n\u00e1kladn\u00ed p\u0159\u00edv\u011bs i s n\u00e1stavbou \u010di speci\u00e1ln\u00ed p\u0159\u00edv\u011bs pro p\u0159epravu zv\u00ed\u0159at, v\u00ed asi ka\u017ed\u00fd a bylo by z\u0159ejm\u011b zbyte\u010dn\u00e9 popisovat, jak univerz\u00e1ln\u00ed a \u0161ikovn\u00e1 pom\u016fcka je pr\u00e1v\u011b koule za autem. P\u0159esto bychom se r\u00e1di zm\u00ednili o n\u011b\u010dem, co v posledn\u00ed dob\u011b z\u00edsk\u00e1v\u00e1 na popularit\u011b d\u00edky jednomu z nejmasov\u011bj\u0161\u00edch sport\u016f v na\u0161\u00ed zemi \u2013 cyklistice.  Jezdit na kole, to je pro mnoh\u00e9 z n\u00e1s balz\u00e1m na du\u0161i, m\u016f\u017eeme t\u00edmto zp\u016fsobem ze sebe l\u00e9pe set\u0159\u00e1st ka\u017edodenn\u00ed stresov\u00fd balast a vyjet tam, kde se n\u00e1m to l\u00edb\u00ed \u2013 do p\u0159\u00edrody. J\u00edzda na kole navozuje pocit svobody a volnosti, mnohem v\u011bt\u0161\u00ed, ne\u017e p\u0159i pobytu v jin\u00fdch dopravn\u00edch prost\u0159edc\u00edch, mo\u017en\u00e1 pr\u00e1v\u011b proto, \u017ee jeho sm\u011br a pohyb ud\u00e1v\u00e1me \u010dist\u011b na\u0161\u00ed fyzickou silou.  Nosi\u010de j\u00edzdn\u00edch kol, kter\u00e1 se montuj\u00ed na ta\u017en\u00e1 za\u0159\u00edzen\u00ed, jsou posazena n\u00edzko nad zem\u00ed, velmi snadno se do nosn\u00fdch prvk\u016f usazuj\u00ed kola i pom\u011brn\u011b t\u011b\u017ek\u00e1, je mo\u017en\u00e9 vyu\u017e\u00edvat je i pro elektrokola. J\u00edzdn\u00ed souprava se prodlu\u017euje pouze na d\u00e9lku zhruba o metr, v\u00fd\u0161ka vozidla se t\u00e9m\u011b\u0159 nem\u011bn\u00ed a jeho t\u011b\u017ei\u0161t\u011b tak z\u016fst\u00e1v\u00e1 n\u00edzko, co\u017e m\u00e1 p\u0159\u00edzniv\u00fd dopad na stabilitu j\u00edzdy a samotn\u00e9 \u0159\u00edzen\u00ed. Na v\u00fdlet s bicykly se tak m\u016f\u017ee vydat i \u017eena s d\u011btmi, ani\u017e by bylo nutn\u00e9 \u017e\u00e1dat n\u011bjak\u00e9ho sil\u00e1ka, co by kola zvedal nad hlavu a pokl\u00e1dal na st\u0159echu auta. Vyberte tu spr\u00e1vnou trasu &#8211; nakonec na v\u00e1s zbude jen to jedin\u00e9 \u2013 vybrat prost\u0159ed\u00ed, kter\u00e9 chcete nav\u0161t\u00edvit, vhodnou cyklotrasu, p\u0159ev\u00fd\u0161en\u00ed ter\u00e9nu a n\u00e1ro\u010dnost cel\u00e9 trasy a samoz\u0159ejm\u011b podp\u016frn\u00e9 prost\u0159edky, zejm\u00e9na vhodn\u00e9 oble\u010den\u00ed, pl\u00e1\u0161t\u011bnku, pap\u00edrovou mapu (nespol\u00e9hejte se zcela na navigaci v mobilu) a dostate\u010dn\u011b velkou sva\u010dinu v\u010detn\u011b tekutin. A chcete-li alespo\u0148 p\u00e1r tip\u016f, kam se vydat s nalo\u017een\u00fdm nosi\u010dem na ta\u017en\u00e9 za\u0159\u00edzen\u00ed, z t\u011bch lehk\u00fdch tras nap\u0159. T\u0159ebo\u0148sko nebo Lednicko-valtick\u00fd are\u00e1l, ze st\u0159edn\u011b t\u011b\u017ek\u00fdch tras okol\u00ed \u0159eky Berounky mezi Plzn\u00ed a Zbe\u010dnem, \u010cesk\u00e9 st\u0159edoho\u0159\u00ed \u010di Pos\u00e1zav\u00ed a z t\u011b\u017ek\u00fdch cyklotras \u0160umavu, Jizersk\u00e9 a Lu\u017eick\u00e9 hory.                                                                                                                                                                                                                                                                                                                                                                                                  "},{"@context":"https:\/\/schema.org\/","@type":"BreadcrumbList","itemListElement":[{"@type":"ListItem","position":1,"name":"Na ta\u017en\u00e9 za\u0159\u00edzen\u00ed u Octavie m\u016f\u017eete p\u0159ipojit karavan, p\u0159\u00edv\u011bs i nosi\u010d j\u00edzdn\u00edch kol","item":"https:\/\/www.staratiskarna.cz\/na-tazne-zarizeni-u-octavie-muzete-pripojit-karavan-prives-i-nosic-jizdnich-kol\/#breadcrumbitem"}]}]